{"id":8508,"date":"2012-05-30T08:02:43","date_gmt":"2012-05-30T06:02:43","guid":{"rendered":"http:\/\/egophobia.ro\/?p=8508"},"modified":"2012-05-30T21:42:06","modified_gmt":"2012-05-30T19:42:06","slug":"la-publicul-latent-trebuie-sa-mergi-personal-ca-la-un-razboi-de-cucerire","status":"publish","type":"post","link":"https:\/\/egophobia.ro\/?p=8508","title":{"rendered":"&#8220;La publicul latent trebuie s\u0103 mergi personal, ca la un r\u0103zboi de cucerire&#8221;"},"content":{"rendered":"<p><\/em><\/it><strong>[interviu cu Iulian T\u0103nase]<\/strong><\/p>\n<p align=right>de Cristina Nemerovschi<\/p>\n<p>&nbsp;<\/p>\n<p align=justify>\n1. \u00ce\u0163i place Leibniz? \ud83d\ude42 Dac\u0103 s-ar re\u00eencarna, l-ai invita la <em>R\u0103zboiul sf\u00e2r\u015fitului s\u0103pt\u0103m\u00e2nii<\/em>?<\/p>\n<p>&nbsp;<\/p>\n<p>Prefer s\u0103 \u00ee\u0163i dau un citat din Bertrand Russell: \u201eLeibniz a fost una dintre cele mai mari inteligen\u0163e din toate timpurile, dar ca om nu a fost tocmai un model de urmat&#8221;. S\u00eent foarte de acord cu Russell, de\u015fi, spre deosebire de el :), eu nu l-am cunoscut personal pe omul Leibniz. Mie \u00eemi place filozoful Leibniz. \u00cemi place metafizica lui, \u00eemi place logica lui, \u00eemi place c\u0103 m\u0103 plictisesc excesele lui \u00een privin\u0163a divinit\u0103\u0163ii \u015fi \u00eemi place c\u0103 m\u0103 bucur pentru Dumnezeu c\u0103 are, \u00een persoana lui Leibniz, un avocat at\u00eet de perspicace. Eu am fost destul de ireveren\u0163ios cu Leibniz, recunosc. Am rescris oarecum toat\u0103 <em>Monadologia<\/em> \u015fi am numit-o <em>Demonadologia,<\/em> dar Voltaire, \u00een <em>Candid,<\/em> a f\u0103cut-o \u00eenc\u0103 \u015fi mai gogonat\u0103, b\u0103t\u00eendu-\u015fi joc la modul devastator de ideea lui Leibniz c\u0103 tr\u0103im \u00een cea mai bun\u0103 dintre lumile posibile. Am fost un finu\u0163 pe l\u00eeng\u0103 Voltaire :).<br \/>\n<!--more--><\/p>\n<p>&nbsp;<\/p>\n<p align=center>\n<img data-recalc-dims=\"1\" decoding=\"async\" src=\"https:\/\/i0.wp.com\/i158.photobucket.com\/albums\/t103\/egophobia\/34\/illucopy.jpg?w=600\" ><br \/>\n[&copy;2012 <a href=\"http:\/\/www.allistration.ro\/\" target=\"_blank\">Alice<\/a>]\n<\/p>\n<p>&nbsp;<\/p>\n<p>2. Care este cea mai haioas\u0103 \u00eent\u00e2mplare pe care ai tr\u0103it-o \u00een facultatea de filosofie?<\/p>\n<p>&nbsp;<\/p>\n<p>Una dintre cele mai nostime \u00eent\u00eempl\u0103ri din facultate s-a petrecut \u00een anul I, la examenul scris la <em>Originile filozofiei europene,<\/em> adic\u0103 la materia despre presocratici, dup\u0103 cum bine \u015ftii. Profesorul de curs era Nelu B\u0103n\u015foiu, iar asistentul de seminar Bogdan Minc\u0103. \u0162in s\u0103 precizez c\u0103 am fost un student serios, mai ales \u00een anul I, aveam \u015fi o v\u00eerst\u0103, m\u0103 \u015ftiam cu mul\u0163i dintre profesori, nu \u00eemi permiteam s\u0103 m\u0103 prezint nepreg\u0103tit la examene, plus c\u0103 \u00eemi \u015fi pl\u0103cea filozofia, altfel nu m-a\u015f fi \u00eenscris la facultate la &#8220;venerabila&#8221; v\u00eerst\u0103 de 34 de ani, dar s\u0103 revin. Examenul se \u0163inea \u00een amfiteatrul mare. M-am a\u015fezat \u00een primul r\u00eend. \u015ei-au f\u0103cut apari\u0163ia cadrele didactice, Bogdan Minc\u0103 la centru, ajutat de doi &#8220;tu\u015fieri&#8221; la fel de tineri, ne-au dat subiectele, trei la num\u0103r, Parmenide, Pitagora \u015fi ceva din Husserl, de al treilea subiect habar n-aveam, \u015fi nici nu mi-am b\u0103tut capul. Pe Parmenide \u015fi Pitagora \u00eei visam, \u00eemi pl\u0103ceau. M-am pus pe scris. \u00cen prima banc\u0103, a\u015fa cum ziceam. La un moment dat, a ap\u0103rut \u00een amfiteatru \u015fi profesorul B\u0103n\u015foiu, care a \u00eenceput s\u0103 vorbeasc\u0103 tare, avea \u015fi ni\u015fte plase pe care le tot fo\u015fnea, m\u0103 cam deranja, ca s\u0103 fiu sincer. Am rezistat ce am rezistat, dup\u0103 care i-am spus cu voce tare, dar politicos: &#8220;M\u0103 scuza\u0163i, face\u0163i foarte mult\u0103 g\u0103l\u0103gie, m\u0103 deranja\u0163i!&#8221;. Profesorul a r\u0103mas cu gura c\u0103scat\u0103, la fel \u015fi asisten\u0163ii, probabil. Dup\u0103 un moment de uluial\u0103, profesorul B\u0103n\u015foiu mi-a spus s\u0103 m\u0103 mut \u00een spate, dac\u0103 nu \u00eemi convine. I-am spus c\u0103 r\u0103m\u00een \u00een fa\u0163\u0103. Nimic notabil nu s-a mai \u00eent\u00eemplat \u00een sala de examen, eu mi-am v\u0103zut de scris, profesorul a fost mai atent cu zgomotele \u015fi a\u015fa mai departe. Am terminat lucrarea destul de repede, cu al treilea subiect nu mi-am b\u0103tut capul deloc. Am predat foile \u015fi am cobor\u00eet afar\u0103, la o \u0163igar\u0103, \u00een locul bine \u015ftiut de la intrare. Fumam, c\u00eend \u00eel v\u0103d pe profesorul B\u0103n\u015foiu c\u0103 vine la mine. M\u0103 \u00eentreab\u0103: &#8220;Ce-ai f\u0103cut la examen?&#8221;. I-am zis: &#8220;N-am f\u0103cut al treilea subiect&#8221;. Mi-a zis (cu oarece satisfac\u0163ie): &#8220;Te ard la not\u0103!&#8221;. L-am privit fix \u00een ochi \u015fi i-am spus ap\u0103sat: &#8220;Nu cred!&#8221;. A r\u0103mas blocat, probabil c\u0103 nu se a\u015ftepta deloc la una ca asta. M-a \u00eentrebat: &#8220;Cum adic\u0103 nu crezi?&#8221;. I-am r\u0103spuns: &#8220;P\u0103i, am f\u0103cut foarte bine la celelalte dou\u0103 subiecte&#8221;. Deznod\u0103m\u00eentul? Am avut dreptate s\u0103 nu-l cred: mi-a dat 10.<\/p>\n<p>&nbsp;<\/p>\n<p align=center>\n<img data-recalc-dims=\"1\" decoding=\"async\" src=\"https:\/\/i0.wp.com\/i158.photobucket.com\/albums\/t103\/egophobia\/34\/it\/cuAdora1.jpg?w=600\" ><br \/>\n[Iulian T\u0103nase cu Adora]\n<\/p>\n<p>&nbsp;<\/p>\n<p><em>3. Cucamonga<\/em> a fost \u00een topul celor mai bine v\u00e2ndute c\u0103r\u0163i ale editurii Herg Benet. Crezi c\u0103 exist\u0103 public de poezie \u00een Rom\u00e2nia?<\/p>\n<p>&nbsp;<\/p>\n<p>Exist\u0103 public de poezie \u00een Rom\u00e2nia, la fel ca peste tot. \u00cen primul r\u00eend, exist\u0103 un <em>public activ,<\/em> deloc numeros, format din cei care cump\u0103r\u0103 poezie. Apoi exist\u0103 \u015fi un <em>public pasiv,<\/em> care cite\u015fte poezie, f\u0103r\u0103 s\u0103 cumpere. A treia categorie de public de poezie a\u015f zice c\u0103 este <em>publicul latent<\/em>, cei care nici nu cump\u0103r\u0103, nici nu citesc, dar asta doar pentru c\u0103 n-au ajuns la poezie sau poezia n-a ajuns \u00eenc\u0103 la ei, oameni care \u00eens\u0103 ar avea nevoie de poezie. La acest public trebuie, ca autor, s\u0103 mergi personal, ca la un r\u0103zboi de cucerire.<\/p>\n<p>&nbsp;<\/p>\n<p>4. \u00cen pagina din <em>Kamikaze<\/em>, recomandai diferi\u0163i autori tineri, fie poe\u0163i, fie prozatori, iar acum \u00eencerci s\u0103 continui acest obicei \u015fi \u00een emisiunea de la Radio Guerrilla. Probabil exist\u0103 \u00eens\u0103 \u015fi lucruri care nu-\u0163i plac la autorii actuali; care sunt ele?<\/p>\n<p>&nbsp;<\/p>\n<p>Nu \u00eemi bat capul cu lucrurile care nu \u00eemi plac.<\/p>\n<p>&nbsp;<\/p>\n<p align=center>\n<img data-recalc-dims=\"1\" decoding=\"async\" src=\"https:\/\/i0.wp.com\/i158.photobucket.com\/albums\/t103\/egophobia\/34\/it\/cuAdora2.jpg?w=600\" ><br \/>\n[Iulian T\u0103nase cu Adora]\n<\/p>\n<p>&nbsp;<\/p>\n<p>5. Ai fost printre scriitorii care au ie\u015fit furtunos, nu \u00een urm\u0103 cu mult timp, din USR, cre\u00e2nd chiar un curent al \u201crebelilor\u201d fa\u0163\u0103 de aceast\u0103 institu\u0163ie. Care ar fi cele mai importante repro\u015furi pe care le-ai aduce USR-ului?<\/p>\n<p>&nbsp;<\/p>\n<p>USR nu mi se pare o institu\u0163ie at\u00eet de interesant\u0103, \u00eenc\u00eet s\u0103 formulez repro\u015furi la adresa ei. Pe mine institu\u0163iile m\u0103 cam plictisesc, \u015fi repro\u015furile m\u0103 plictisesc, n-am aderen\u0163\u0103 la institu\u0163ii, de aici \u015fi demisia mea. \u015etiu c\u0103 mul\u0163i scriitori se \u00eenscriu \u015fi continu\u0103 s\u0103 r\u0103m\u00een\u0103 \u00een USR fie pentru sporul la pensie, fie pentru locul de veci, cel mai adesea pentru am\u00eendou\u0103. Pensia \u015fi locul de veci nu fac parte din garderoba mea.<\/p>\n<p>&nbsp;<\/p>\n<p>6. Dac\u0103 ai primi un premiu din partea respectivei institu\u0163ii, l-ai refuza?<\/p>\n<p>&nbsp;<\/p>\n<p>Da.<\/p>\n<p>&nbsp;<\/p>\n<p align=center>\n<img data-recalc-dims=\"1\" decoding=\"async\" src=\"https:\/\/i0.wp.com\/i158.photobucket.com\/albums\/t103\/egophobia\/34\/it\/cuAdora3.jpg?w=600\" ><br \/>\n[Iulian T\u0103nase cu Adora]\n<\/p>\n<p>&nbsp;<\/p>\n<p>7. Mul\u0163i autori spun c\u0103 viziunea asupra scrisului se schimb\u0103 radical atunci c\u00e2nd devin p\u0103rin\u0163i. Tu ai devenit de cur\u00e2nd pentru a doua oar\u0103 tat\u0103. Cum e a doua oar\u0103, fa\u0163\u0103 de prima, din perspectiva scrisului\/programului de scris\/viziune?<\/p>\n<p>&nbsp;<\/p>\n<p>Nu cred c\u0103 viziunea asupra scrisului se schimb\u0103, ci mai degrab\u0103 viziunea asupra lumii. Experien\u0163a paternit\u0103\u0163ii produce ni\u015fte muta\u0163ii emo\u0163ionale importante, de care, ca poet, nu po\u0163i face abstrac\u0163ie. Asta, desigur, dac\u0103 ceea ce scrii tu chiar are leg\u0103tur\u0103 cu via\u0163a ta. Am recitit de cur\u00eend ni\u015fte poeme de-ale mele \u00een care era vorba despre fumat. S-a fumat mult \u00een poemele mele de-a lungul timpului, fuma autorul, fumau personajele, a fost o epoc\u0103 de fum, ca s\u0103 zic a\u015fa. De mai bine de jum\u0103tate de an nu mai fumez, m-am l\u0103sat cu vreo dou\u0103 luni \u00eenainte s\u0103 se nasc\u0103 Sacha. Nu poetul, ci tat\u0103l din mine s-a l\u0103sat de fumat. Sigur, inevitabil <em>l-am l\u0103sat<\/em> de fumat \u015fi pe poet, nu cred c\u0103 regret\u0103.<\/p>\n<p>&nbsp;<\/p>\n<p>8. Ai c\u00e2\u015ftigat deja premii \u00een str\u0103in\u0103tate, dar cum stai cu traducerile \u00een suedez\u0103?<\/p>\n<p>&nbsp;<\/p>\n<p>Traducerile \u00een suedez\u0103 s\u00eent foarte reu\u015fite, a\u015f \u00eendr\u0103zni s\u0103 spun chiar c\u0103 s\u00eent absolut perfecte, asta poate \u015fi pentru c\u0103, \u00een momentul de fa\u0163\u0103, ele nu exist\u0103. Tot ce nu exist\u0103 este minunat, trebuie s\u0103 recunoa\u015ftem.<\/p>\n<p>&nbsp;<\/p>\n<p align=center>\n<img data-recalc-dims=\"1\" decoding=\"async\" src=\"https:\/\/i0.wp.com\/i158.photobucket.com\/albums\/t103\/egophobia\/34\/it\/cuIoanasiAdora.jpg?w=600\" ><br \/>\n[Iulian T\u0103nase cu Ioana &#038; Adora]\n<\/p>\n<p>&nbsp;<\/p>\n<p>9. Volumul <em>Cucamonga<\/em> \u015fi romanul <em>Oase migratoare<\/em> au fost lansate cam \u00een aceea\u015fi perioad\u0103. Au fost \u015fi scrise aproximativ \u00een acela\u015fi timp? Dac\u0103 nu m\u0103 \u00een\u015fel, exist\u0103 ni\u015fte \u201cpersonaje\u201d prezente \u00een ambele c\u0103r\u0163i&#8230;<\/p>\n<p>&nbsp;<\/p>\n<p>Textele din <em>Cucamonga<\/em> nici nu mai \u015ftiu c\u00eend s\u00eent scrise. Poemul <em>Best Sailor<\/em> am \u00eenceput, de exemplu, s\u0103-l scriu prin 2008, o vreme l-am abandonat \u015fi l-am \u00eencheiat prin 2009. Cele mai multe poeme s\u00eent scrise, cred, prin 2009, dar \u015ftiu \u015fi c\u0103 unul dintre ele e de prin 2006. <em>Demonadologia<\/em> am scris-o \u00een vara lui 2011, \u00een Moldova, acas\u0103 la p\u0103rin\u0163ii mei, apoi mai s\u00eent \u015fi poemele acelea mai vechi, <em>Iubita mea vitreg\u0103<\/em> (scris prin 2000-2001) \u015fi <em>Unul dintre domni\u015foara W \u015fi doamna Kuttare<\/em> (scris prin 2002, probabil). Nu \u015ftiu pe cine ar interesa toate aceste date, pe mine \u00een nici un caz. Romanul <em>Oase migratoare<\/em> l-am scris dintr-o singur\u0103 bucat\u0103, aproape zilnic am lucrat la el, din 23 august 2010 (eram \u00een Slovenia, la Ljubljana, c\u00eend am \u00eenceput s\u0103 scriu la el) p\u00een\u0103 pe 21 martie 2011. \u00cen general, nu \u00eemi \u00eencarc mintea cu astfel de prostii, pe care, de altfel, nici nu le \u015ftiam pe dinafar\u0103, am verificat o postare pe blog din martie, anul trecut. Deci, r\u0103spunsul la \u00eentrebarea ta este: da \u015fi nu.<\/p>\n<p>&nbsp;<\/p>\n<p>10. Cum reu\u015fe\u015fti s\u0103 fii mereu efervescent la <em>R\u0103zboiul sf\u00e2r\u015fitului s\u0103pt\u0103m\u00e2nii<\/em> de la Radio Guerilla? Apela\u0163i \u015fi la energizante? \ud83d\ude42<\/p>\n<p>&nbsp;<\/p>\n<p>La radio am o energie aparent inexplicabil\u0103. \u00cemi place foarte mult radioul, \u015fi efervescen\u0163a, cum se \u015ftie, se \u0163ine scai de pasiunea cu care faci un lucru. Alte substan\u0163e ajut\u0103toare \u00een afar\u0103 de ap\u0103 \u015fi cafea nu consum\u0103m, nici eu, nici Mito\u015f.<\/p>\n<p>&nbsp;<\/p>\n<p align=center>\n<img data-recalc-dims=\"1\" decoding=\"async\" src=\"https:\/\/i0.wp.com\/i158.photobucket.com\/albums\/t103\/egophobia\/34\/it\/cuIoanasiAdora1.jpg?w=600\" ><br \/>\n[Iulian T\u0103nase cu Ioana &#038; Adora]\n<\/p>\n<p>&nbsp;<\/p>\n<p>11. Am aflat de la <em>R\u0103zboiul sf\u00e2r\u015fitului s\u0103pt\u0103m\u00e2nii<\/em> c\u0103, la un moment dat, ai pierdut un manuscris. Ce fel de carte ar fi trebuit s\u0103 ias\u0103 din el? \u0162i-a trecut prin cap s\u0103 \u00eencerci s\u0103-l rescrii? Are rost s\u0103 rescrii o carte, odat\u0103 ce ai pierdut-o?<\/p>\n<p>&nbsp;<\/p>\n<p>Era un lung poem despre t\u0103cere. \u00cemi pusesem la un moment dat \u00eentrebarea \u00een c\u00eete feluri se poate t\u0103cea \u015fi ajunsesem cu acest index exaltat al t\u0103cerilor pe la cifra 250. Eu, c\u00eend scriu, scriu \u00eentr-o anumit\u0103 stare, astfel \u00eenc\u00eet nici nu \u015ftiu \u00eentotdeauna cum am scris ceea ce am scris. Nu pot reface din memorie absolut nimic \u00een condi\u0163iile astea, nici nu m-am chinuit.\u00a0 \u00cen tot acest mare ghinion a existat \u015fi un dram de noroc, \u00een sensul c\u0103 vreo 40 de fragmente le scrisesem \u00eentr-un caiet.<\/p>\n<p>&nbsp;<\/p>\n<p>12. Cum ai reac\u0163iona dac\u0103 cineva \u0163i-ar propune s\u0103 transformi <em>Cucamonga<\/em> \u00eentr-o carte pentru publicul larg? Crezi \u00een literatura de consum?<\/p>\n<p>&nbsp;<\/p>\n<p>Cred c\u0103 e nevoie \u015fi de literatur\u0103 de consum. Tocmai am primit cadou de la Nemira trilogia <em>Jocurile foamei,<\/em> care e o foarte onorabil\u0103 \u015fi inteligent\u0103 literatur\u0103 de consum. Pe de alt\u0103 parte, nici nu am stabilit foarte clar termenii, adic\u0103 nu \u015ftim cu exactitate ce poate intra sub umbrela literaturii de consum. Ceea ce scriu Paulo Coelho \u015fi Dan Brown este, fire\u015fte, literatur\u0103 de consum. Sinele \u015fi uzinele lor produc marf\u0103 dup\u0103 o re\u0163et\u0103 destul de str\u0103vezie, iar cititorii o cump\u0103r\u0103. Exist\u0103 \u00eens\u0103 \u015fi c\u0103r\u0163i extraordinare care s-au v\u00eendut precum &#8220;c\u00eerna\u0163ii calzi&#8221;, cum spunea Gabriel Garc\u00eca M\u00e1rquez referindu-se la <em>Un veac de singur\u0103tate,<\/em> f\u0103r\u0103 ca asta s\u0103 \u00eensemne c\u0103 un roman, dac\u0103 se vinde bine, dac\u0103 este consumat adic\u0103 \u00een tiraje uria\u015fe, \u00eenseamn\u0103 c\u0103 este literatur\u0103 de consum. Sau poate c\u0103 sub acoperi\u015ful literaturii de consum pot intra mai multe lucruri: \u015fi <em>Codul lui Da Vinci,<\/em> \u015fi <em>Un veac de singur\u0103tate,<\/em> \u015fi <em>De ce iubim femeile,<\/em> \u015fi <em>Fight Club,<\/em> \u015fi <em>Alchimistul. <\/em>C\u00eend scriu, nu m\u0103 g\u00eendesc niciodat\u0103 s\u0103 scriu ceva comercial sau necomercial, nici n-a\u015f putea, de altfel, c\u0103ci poezia este funciarmente necomercial\u0103, \u015fi cu poezia vreau eu s\u0103 am de-a face. Proza, pentru mine, este o simpl\u0103 unealt\u0103 \u00een slujba poeziei. Romanul <em>Oase migratoare<\/em> este mai degrab\u0103 un poem, a\u015f zice. Cartea pe care m-am g\u00eendit s\u0103 o rescriu, dar nu neap\u0103rat pentru publicul larg sau pentru publicul str\u00eemt, nu este <em>Cucamonga,<\/em> ci <em>Abisa.<\/em><\/p>\n<p>&nbsp;<\/p>\n<p align=center>\n<img data-recalc-dims=\"1\" decoding=\"async\" src=\"https:\/\/i0.wp.com\/i158.photobucket.com\/albums\/t103\/egophobia\/34\/it\/cuSacha.jpg?w=600\" ><br \/>\n[Iulian T\u0103nase cu Sacha]\n<\/p>\n<p>&nbsp;<\/p>\n<p>13. Ce \u00eenseamn\u0103 pentru tine superrealismul?<\/p>\n<p>&nbsp;<\/p>\n<p>Prin superrealism \u00een\u0163eleg o poezie care se ocup\u0103 de un anumit tip de realitate, o realitate care exist\u0103 sub ochii no\u015ftri, dar pe care, ca s\u0103 o vezi, trebuie s\u0103 fii foarte atent, s\u0103 practici o aten\u0163ie de care, dac\u0103 vrei, vorbea Carlos Castaneda \u00een c\u0103r\u0163ile lui. Acestei realit\u0103\u0163i i-am zis, \u00een joac\u0103, &#8220;realitate super&#8221;. &#8220;Super&#8221; este un adjectiv interesant, mai ales dac\u0103 abandon\u0103m pu\u0163in limba rom\u00e2n\u0103 \u015fi ne uit\u0103m la sinonimele pe care le are \u00een limba englez\u0103: <em>excellent, superb, superlative, first-class, outstanding, marvelous, magnificent, wonderful, splendid, glorious; <\/em><em>informal <\/em><em>great, fantastic, fabulous, terrific, ace, divine, A1, wicked, cool, killer; smashing, brilliant.<\/em> S\u0103 zicem c\u0103 superrealismul trateaz\u0103 realitatea miraculoas\u0103 de sub ochii no\u015ftri.<\/p>\n<p>&nbsp;<\/p>\n<p>14. \u00ce\u0163i mai aminte\u015fti momentul debutului \u00een literatur\u0103? Cum te raportezi acum la el? Ai schimba ceva \u00een leg\u0103tur\u0103 cu el, te mai reg\u0103se\u015fti \u00een prima ta carte?<\/p>\n<p>&nbsp;<\/p>\n<p>Mult\u0103 vreme mi-a fost groaz\u0103 s\u0103 deschid cartea mea de debut <em>(\u00cengerotica).<\/em> Anul trecut, am deschis-o \u015fi am \u00een\u0163eles c\u0103 m\u0103 temusem degeaba. E o carte suportabil\u0103, cu un prim poem care \u00eemi place \u015fi azi.<\/p>\n<p>&nbsp;<\/p>\n<p align=center>\n<img data-recalc-dims=\"1\" decoding=\"async\" src=\"https:\/\/i0.wp.com\/i158.photobucket.com\/albums\/t103\/egophobia\/34\/it\/cuConstantinAcosmeiHansTillVasileLeac.jpg?w=600\" ><br \/>\n[Iulian T\u0103nase cu Constantin Acosmei, Hans Till &#038; Vasile Leac]\n<\/p>\n<p>&nbsp;<\/p>\n<p>15. Dac\u0103 ai prinde pe\u015fti\u015forul de aur \u015fi \u0163i-ar propune s\u0103-\u0163i \u00eendeplineasc\u0103 3 dorin\u0163e, cu singura condi\u0163ie ca ele s\u0103 aib\u0103 leg\u0103tur\u0103 cu lumea literar\u0103 actual\u0103, care ar fi cele 3 lucruri pe care i le-ai cere?<\/p>\n<p>&nbsp;<\/p>\n<p>Cristina, m-am tot g\u00eendit cum s\u0103 r\u0103spund la \u00eentrebarea asta \u2013 f\u0103r\u0103 succes. Mie \u00eemi place pe\u015ftele, \u015fi la gr\u0103tar, \u015fi la cuptor, \u015fi sub form\u0103 de bor\u015f, \u00eens\u0103 exist\u0103 ceva care m\u0103 deranjeaz\u0103 la pe\u015fti\u015forul de aur. Pur \u015fi simplu n-a\u015f vrea s\u0103 am de-a face cu el. Iar \u00een lucrurile pe care le-a\u015f primi \u00een dar de la pe\u015fti\u015forul de aur n-a\u015f avea pic de \u00eencredere.<\/p>\n<p>&nbsp;<\/p>\n<p>16. \u00cen ce limb\u0103 \u0163i-ai dori cel mai mult s\u0103 fie citite c\u0103r\u0163ile tale\/\u00cen ce \u0163ar\u0103 \u0163i-ar pl\u0103cea cel mai mult s\u0103 fii invitat la o lectur\u0103?<\/p>\n<p>&nbsp;<\/p>\n<p>S\u00eent foarte ata\u015fat de limba german\u0103. Deci, germana \u015fi Germania\/Austria. Deja am avut multe lecturi \u00een Germania \u015fi Austria, \u015fi am un foarte pronun\u0163at sentiment de acas\u0103 \u00een acest spa\u0163iu.<\/p>\n<p>&nbsp;<\/p>\n<p>17. Se vorbe\u015fte foarte multe despre orgoliile lumii literare. Crezi c\u0103 este posibil\u0103 o prietenie sincer\u0103 \u00eentre doi scriitori foarte buni?<\/p>\n<p>&nbsp;<\/p>\n<p>Prietenia nu poate fi dec\u00eet sincer\u0103. Dac\u0103 nu e sincer\u0103, nu e prietenie, ci altceva. Cred \u00een prietenie.<\/p>\n<p>&nbsp;<\/p>\n<p>18. Ce scrii acum?<\/p>\n<p>&nbsp;<\/p>\n<p>Nimic.<\/p>\n","protected":false},"excerpt":{"rendered":"<p>[interviu cu Iulian T\u0103nase] de Cristina Nemerovschi &nbsp; 1. \u00ce\u0163i place Leibniz? \ud83d\ude42 Dac\u0103 s-ar re\u00eencarna, l-ai invita la R\u0103zboiul sf\u00e2r\u015fitului s\u0103pt\u0103m\u00e2nii? &nbsp; Prefer s\u0103 \u00ee\u0163i dau un citat din Bertrand Russell: \u201eLeibniz a fost una dintre cele mai mari inteligen\u0163e din toate timpurile, dar ca om nu a fost tocmai un model de urmat&#8221;. [&hellip;]<\/p>\n","protected":false},"author":2,"featured_media":0,"comment_status":"open","ping_status":"open","sticky":false,"template":"","format":"standard","meta":{"jetpack_post_was_ever_published":false,"_jetpack_newsletter_access":"","_jetpack_dont_email_post_to_subs":false,"_jetpack_newsletter_tier_id":0,"_jetpack_memberships_contains_paywalled_content":false,"_jetpack_memberships_contains_paid_content":false,"footnotes":""},"categories":[817,125],"tags":[361,516,1157,132,1129,883],"class_list":["post-8508","post","type-post","status-publish","format-standard","hentry","category-egophobia-34","category-invitat","tag-alice","tag-cristina-nemerovschi","tag-egophobia-34","tag-interviu","tag-invitat","tag-iulian-tanase"],"jetpack_featured_media_url":"","jetpack_sharing_enabled":true,"jetpack_shortlink":"https:\/\/wp.me\/p6DakB-2de","_links":{"self":[{"href":"https:\/\/egophobia.ro\/index.php?rest_route=\/wp\/v2\/posts\/8508","targetHints":{"allow":["GET"]}}],"collection":[{"href":"https:\/\/egophobia.ro\/index.php?rest_route=\/wp\/v2\/posts"}],"about":[{"href":"https:\/\/egophobia.ro\/index.php?rest_route=\/wp\/v2\/types\/post"}],"author":[{"embeddable":true,"href":"https:\/\/egophobia.ro\/index.php?rest_route=\/wp\/v2\/users\/2"}],"replies":[{"embeddable":true,"href":"https:\/\/egophobia.ro\/index.php?rest_route=%2Fwp%2Fv2%2Fcomments&post=8508"}],"version-history":[{"count":13,"href":"https:\/\/egophobia.ro\/index.php?rest_route=\/wp\/v2\/posts\/8508\/revisions"}],"predecessor-version":[{"id":8648,"href":"https:\/\/egophobia.ro\/index.php?rest_route=\/wp\/v2\/posts\/8508\/revisions\/8648"}],"wp:attachment":[{"href":"https:\/\/egophobia.ro\/index.php?rest_route=%2Fwp%2Fv2%2Fmedia&parent=8508"}],"wp:term":[{"taxonomy":"category","embeddable":true,"href":"https:\/\/egophobia.ro\/index.php?rest_route=%2Fwp%2Fv2%2Fcategories&post=8508"},{"taxonomy":"post_tag","embeddable":true,"href":"https:\/\/egophobia.ro\/index.php?rest_route=%2Fwp%2Fv2%2Ftags&post=8508"}],"curies":[{"name":"wp","href":"https:\/\/api.w.org\/{rel}","templated":true}]}}