{"id":8517,"date":"2012-05-30T06:00:51","date_gmt":"2012-05-30T04:00:51","guid":{"rendered":"http:\/\/egophobia.ro\/?p=8517"},"modified":"2012-05-30T15:54:33","modified_gmt":"2012-05-30T13:54:33","slug":"nazismul-celor-slabi","status":"publish","type":"post","link":"https:\/\/egophobia.ro\/?p=8517","title":{"rendered":"Nazismul celor slabi"},"content":{"rendered":"<p align=right>de \u015etefan Bolea<br \/>\nclick <a href=\"http:\/\/egophobia.ro\/?p=8612\">here<\/a> for the English version<br \/>\n&nbsp;<br \/>\n<em>Cei puternici trebuie proteja\u0163i \u00eempotriva celor slabi.<\/em><br \/>\n[Friedrich Nietzsche]<\/p>\n<p>&nbsp;<\/p>\n<p align=justify>\nLa fel cum nazi\u015ftii \u00eencercau s\u0103 fabrice supraoameni, marginaliz\u00e2ndu-i pe cei slabi, acum se dore\u015fte fabricarea suboamenilor \u015fi asasinarea celor puternici. Subomul sau noul om (termenii sunt echivalen\u0163i) este ignorant, incult, lipsit de inteligen\u0163\u0103 dar viclean, satisf\u0103cut de el \u00eensu\u015fi \u015fi incon\u015ftient (\u00ee\u015fi tr\u0103ie\u015fte sub-via\u0163a dincoace de con\u015ftiin\u0163a de sine), \u00een general fericit c\u0103 este a\u015fa de minuscul \u015fi c\u0103 nulitatea sa este protejat\u0103 de legi interna\u0163ionale. Un sur\u00e2s imbecil i se contureaz\u0103 peste buzi\u015foare atunci c\u00e2nd intuie\u015fte c\u0103 minoratul s\u0103u este proiectul noii ordinii mondiale. Pentru el s-au inventat televizorul \u015fi reclamele, pentru sufrageria lui se proiecteaz\u0103 noul model de bibliotec\u0103 \u00een care \u00eencap doar plasma \u015fi trei recipiente de cristal. Subomul nu cite\u015fte, pentru c\u0103 acum po\u0163i s\u0103-\u0163i faci educa\u0163ia de pe ecran \u015fi de pe google: nu trebuie s\u0103 cite\u015fti pentru a avea succes \u00een via\u0163\u0103. El este un analfabet mental, \u00een sensul c\u0103 nu poate s\u0103-\u015fi foloseasc\u0103 creierul pentru a efectua opera\u0163ii logice, nu are gust pentru abstract, casc\u0103 atunci c\u00e2nd aude o idee. Diferen\u0163a dintre el \u015fi maimu\u0163\u0103? Maimu\u0163a este simpatic\u0103, \u00een plus la ora mesei ar putea s\u0103-i bat\u0103 pe Van Damme, Seagal \u015fi Jet Li \u00eempreun\u0103.<!--more--><\/p>\n<p>&nbsp;<\/p>\n<p align=justify>\n\u00cen schimb, oamenii inteligen\u0163i sunt condamna\u0163i la dispari\u0163ie. Au devenit contingen\u0163i. Mai bine antrenezi un sclav \u2013 e o mi\u015fcare \u00een\u0163eleapt\u0103, pentru c\u0103 \u00een acela\u015fi timp scapi de un poten\u0163ial st\u0103p\u00e2n. Se vede clar c\u0103 omenirea sufer\u0103 din pricina instinctului de moarte, care st\u0103 la r\u0103d\u0103cina culturii noastre. Sf\u00e2r\u015fitul filmului <em>Melancholia<\/em> este cel mai clar exemplu al dorin\u0163ei noastre seculare de extinc\u0163ie, al ambi\u0163iei noastre de muribunzi, cum spunea Cioran. Dac\u0103 psihologic \u015fi biologic ne preg\u0103tim de <em>Big Sleep<\/em>, saliv\u00e2nd dup\u0103 <em>thanatos<\/em>, victime al unui entuziasm morbid (ar trebui s\u0103 spunem <em>endemoniasm, <\/em>pentru c\u0103 de mult nu mai suntem poseda\u0163i de zeu, ne c\u0103l\u0103re\u015fte Anticreatorul), putem anticipa c\u0103 \u00een c\u00e2teva secole, decenii poate, realitatea va imita arta \u015fi c\u0103 la fel cum World Trade Center (2001) a copiat finalul filmului <em>Fight Club<\/em> (1999), catastrofa total\u0103 va rezona cu finalul <em>Melancholiei<\/em> \u015fi c\u0103 celebrul Pan va intona peste \u201epeisajele nimicite\u201d <em>Tristan \u015fi Isolda<\/em> la flaut, \u00een onoare unei rase de primate, care s-a autonimicit. Cum spuneam, dac\u0103 psihologic \u015fi biologic suntem o specie muribund\u0103, din punct de vedere cultural se preg\u0103te\u015fte acela\u015fi fenomen odat\u0103 cu domnia subomului. Deja oamenii care intr\u0103 \u00eentr-o galerie de art\u0103 \u015fi-\u015fi cump\u0103r\u0103 un tablou, cei care fac deosebirea dintre Brahms \u015fi Schubert, oamenii, care au un vocabular \u015fi \u00een\u0163eleg o nuan\u0163\u0103 sau o subtilitate, sunt num\u0103ra\u0163i. De multe ori trebuie s\u0103 traduc ca s\u0103 fiu \u00een\u0163eles, pentru c\u0103 dac\u0103 a\u015f vorbi a\u015fa cum vorbesc \u00een mintea mea, conversa\u0163ia s-ar \u00eencheia. Dac\u0103 tu e\u015fti autentic, \u015fi ceilal\u0163i to\u0163i aliena\u0163i, tu vei fi cel alienat. Orwell vorbea de o minoritate de unu; capitalismul este pe cale s\u0103 realizeze acest deziderat totalitar.<br \/>\n&nbsp;<\/p>\n<p align=justify>\nNoica spunea \u00een <em>Jurnalul<\/em> s\u0103u, c\u0103, \u00een viitor, oamenii vor fi at\u00e2t de inteligen\u0163i, \u00eenc\u00e2t realiz\u0103rile culturii noastre li se vor p\u0103rea minore. Aceea\u015fi idee \u00een filmul <em>Youth Without Youth<\/em>: dup\u0103 o iarn\u0103 atomic\u0103, o nou\u0103 ras\u0103 va \u00eenflori peste ruine. Eu cred c\u0103 oamenii au devenit at\u00e2t de pro\u015fti, \u00eenc\u00e2t vor renun\u0163a la realiz\u0103rile culturii \u201enoastre\u201d, din invidie \u015fi dintr-un complex de inferioritate. Nu mai trebuie s\u0103 ardem c\u0103r\u0163i, pentru c\u0103 ele ajung oricum la gunoi. Au devenit majoritari oamenii, care posed\u0103 mai multe televizoare dec\u00e2t c\u0103r\u0163i \u00een cas\u0103.<br \/>\n&nbsp;<\/p>\n<p align=justify>\nDac\u0103 am dreptate, \u00eemi dau seama c\u0103\u00a0 nu am nimic de f\u0103cut \u00eempotriva acestui proces de selec\u0163ie artificial\u0103, \u00eempotriva acestui proiect eugenic, care salveaz\u0103 omul de prisos chiar din pricina mizeriei \u015fi insuficien\u0163ei sale. Poate c\u0103 habitatul excep\u0163iei este gr\u0103dina zoologic\u0103, \u00een timp ce omul minor va fi consemnat pe canapea p\u00e2n\u0103 la sf\u00e2r\u015fitul vremii.<\/p>\n","protected":false},"excerpt":{"rendered":"<p>de \u015etefan Bolea click here for the English version &nbsp; Cei puternici trebuie proteja\u0163i \u00eempotriva celor slabi. [Friedrich Nietzsche] &nbsp; La fel cum nazi\u015ftii \u00eencercau s\u0103 fabrice supraoameni, marginaliz\u00e2ndu-i pe cei slabi, acum se dore\u015fte fabricarea suboamenilor \u015fi asasinarea celor puternici. Subomul sau noul om (termenii sunt echivalen\u0163i) este ignorant, incult, lipsit de inteligen\u0163\u0103 dar [&hellip;]<\/p>\n","protected":false},"author":2,"featured_media":0,"comment_status":"open","ping_status":"open","sticky":false,"template":"","format":"standard","meta":{"jetpack_post_was_ever_published":false,"_jetpack_newsletter_access":"","_jetpack_dont_email_post_to_subs":false,"_jetpack_newsletter_tier_id":0,"_jetpack_memberships_contains_paywalled_content":false,"_jetpack_memberships_contains_paid_content":false,"footnotes":""},"categories":[124,817],"tags":[1128,1157,39],"class_list":["post-8517","post","type-post","status-publish","format-standard","hentry","category-editorial","category-egophobia-34","tag-editorial","tag-egophobia-34","tag-stefan-bolea"],"jetpack_featured_media_url":"","jetpack_sharing_enabled":true,"jetpack_shortlink":"https:\/\/wp.me\/p6DakB-2dn","_links":{"self":[{"href":"https:\/\/egophobia.ro\/index.php?rest_route=\/wp\/v2\/posts\/8517","targetHints":{"allow":["GET"]}}],"collection":[{"href":"https:\/\/egophobia.ro\/index.php?rest_route=\/wp\/v2\/posts"}],"about":[{"href":"https:\/\/egophobia.ro\/index.php?rest_route=\/wp\/v2\/types\/post"}],"author":[{"embeddable":true,"href":"https:\/\/egophobia.ro\/index.php?rest_route=\/wp\/v2\/users\/2"}],"replies":[{"embeddable":true,"href":"https:\/\/egophobia.ro\/index.php?rest_route=%2Fwp%2Fv2%2Fcomments&post=8517"}],"version-history":[{"count":4,"href":"https:\/\/egophobia.ro\/index.php?rest_route=\/wp\/v2\/posts\/8517\/revisions"}],"predecessor-version":[{"id":8613,"href":"https:\/\/egophobia.ro\/index.php?rest_route=\/wp\/v2\/posts\/8517\/revisions\/8613"}],"wp:attachment":[{"href":"https:\/\/egophobia.ro\/index.php?rest_route=%2Fwp%2Fv2%2Fmedia&parent=8517"}],"wp:term":[{"taxonomy":"category","embeddable":true,"href":"https:\/\/egophobia.ro\/index.php?rest_route=%2Fwp%2Fv2%2Fcategories&post=8517"},{"taxonomy":"post_tag","embeddable":true,"href":"https:\/\/egophobia.ro\/index.php?rest_route=%2Fwp%2Fv2%2Ftags&post=8517"}],"curies":[{"name":"wp","href":"https:\/\/api.w.org\/{rel}","templated":true}]}}