{"id":8590,"date":"2012-05-30T08:05:56","date_gmt":"2012-05-30T06:05:56","guid":{"rendered":"http:\/\/egophobia.ro\/?p=8590"},"modified":"2012-06-13T09:09:46","modified_gmt":"2012-06-13T07:09:46","slug":"iulian-tanase-invitatul-nostru-din-egophobia-34","status":"publish","type":"post","link":"https:\/\/egophobia.ro\/?p=8590","title":{"rendered":"Iulian T\u0103nase &#8211; invitatul nostru din EgoPHobia #34"},"content":{"rendered":"<p>&nbsp;<\/p>\n<table align=top valign=top>\n<tr align=top valign=top>\n<td align=top valign=top>\n<p align=justify>\nIulian T\u0103nase s-a n\u0103scut pe 3 septembrie 1973 la Bac\u0103u, este c\u0103s\u0103torit cu Ioana \u015fi are doi copii, Adora \u015fi Sacha. A absolvit Academia de Studii Economice Bucure\u015fti \u015fi Facultatea de Filosofie a Universit\u0103\u0163ii Bucure\u015fti. A fost timp de 13 ani redactor la Academia Ca\u0163avencu \u0219i ulterior la Kamikaze, iar \u00een prezent este realizator de programe la Radio Guerilla.<br \/>\n&nbsp;<br \/>\nA publicat volumele\u00a0de poezie <em>\u00cengerotica<\/em> (Editura Seara, 1999),\u00a0<em>Poeme pentru orice eventualitate<\/em> (Editura Crater, 2000),\u00a0<em>Iubitafizica<\/em> (Editura Vinea, 2002, e-book @ LiterNet, 2004),\u00a0<em>Sora exact\u0103<\/em> (Editura Icare, 2003, e-book @ LiterNet, 2004),  <em>\u00eenainte\/ dup\u0103 \u2013 52 de apari\u0163ii trans-vizuale generate de hazard <\/em> (Editura Icare, 2003, \u00een colaborare cu Gheorghe Rasovszky, Dan Stanciu \u015fi Sasha Vlad), <em>Borbro Obs Kabupaten Feen Duamaa Jumah Ek-Yolo Serliq Burcep Sodhi Lecade Epona Snijngad<\/em> (Editura Locul Tare, 2005, \u00eempreun\u0103 cu Sasha Vlad), <em>Ochiul Exploziv<\/em> (Editura Locul Tare, 2006),\u00a0<em>Trusa instalatorului de umbre<\/em> (Editura Locul Tare, 2006, \u00eempreun\u0103 cu Dan Stanciu),\u00a0<em>Abisa<\/em> (Editura Locul Tare, 2007),\u00a0<em>Adora<\/em> (2009), <em>Cucamonga<\/em> (Herg Benet Publishers, 2011) \u015fi romanul <em>Oase migratoare<\/em> (Editura Nemira, 2011).<br \/>\n&nbsp;<br \/>\nDe asemenea, Iulian T\u0103nase a coordonat volumul colectiv Pentru Gellu Naum\/For Gellu Naum (Editura Vinea\/Icare, 2002), precum \u015fi publica\u0163ia Athanor. Caietele Funda\u0163iei \u201eGellu Naum\u201c, \u00eempreun\u0103 cu Dan Stanciu.<br \/>\n&nbsp;<br \/>\n\u00cen str\u0103in\u0103tate a publicat volumele\u00a0<em>Balkanische Alphabete<\/em> (\u00eempreun\u0103 cu Constantin Acosmei &#038; Vasile Leac), Wunderhorn, Heidelberg, 2009, \u015fi\u00a0<em>Aim\u00e9taphysique (la science des amours imaginaires)<\/em>, \u00c9ditions Le Coudrier, 2010 (Belgia). A coordonat volumul colectiv\u00a0<em>Pentru Gellu Naum \/ For Gellu Naum<\/em> (Editura Vinea\/ICARE, 2002). \u00cempreun\u0103 cu Dan Stanciu \u0219i Sebastian Reichman coordoneaz\u0103 publica\u021bia\u00a0<em>Athanor. Caietele Funda\u0163iei Gellu Naum<\/em>.<br \/>\n&nbsp;<br \/>\n\u00cen 2009 a primit, \u00een Germania,\u00a0<em>Premiul Hubert Burda<\/em> pentru tineri poe\u021bi din Europa de Est. \u00cen 2011, un fragment din romanul s\u0103u\u00a0<em>Oase migratoare<\/em> (\u00een curs de apari\u021bie) a ob\u021binut, \u00een Austria, Premiul I la concursul literar &#8220;1+1+1=1 Trinitate&#8221;, organizat de Kulturzentrum bei den Minoriten din Graz. \u00cen 2008 a fost visiting writer la International Writers Workshop, \u00een Hong Kong. A participat cu lucr\u0103ri la London International Festival of Surrealism, edi\u0163iile 2007 \u015fi 2008. Este prezent cu texte \u00een reviste \u0219i antologii din Germania, Austria, Anglia, Statele Unite, Hong Kong, Slovenia, Cehia.<\/p>\n<\/td>\n<td>\n<p align=center>\n<img data-recalc-dims=\"1\" decoding=\"async\" src=\"https:\/\/i0.wp.com\/i158.photobucket.com\/albums\/t103\/egophobia\/34\/002final.jpg?w=340\"  align=right><br \/>\n[&copy;2012 Andrei Voica]<br \/>\n<img data-recalc-dims=\"1\" decoding=\"async\" src=\"https:\/\/i0.wp.com\/i158.photobucket.com\/albums\/t103\/egophobia\/34\/001final.jpg?w=340\"  align=right><br \/>\n[&copy;2012 Andrei Voica]<br \/>\n<img data-recalc-dims=\"1\" decoding=\"async\" src=\"https:\/\/i0.wp.com\/i158.photobucket.com\/albums\/t103\/egophobia\/34\/illu1.jpg?w=340\"  align=right><br \/>\n[&copy;2012 <a href=\"http:\/\/www.allistration.ro\/\" target=\"_blank\">Alice<\/a>]\n<\/td>\n<\/tr>\n<\/table>\n","protected":false},"excerpt":{"rendered":"<p>&nbsp; Iulian T\u0103nase s-a n\u0103scut pe 3 septembrie 1973 la Bac\u0103u, este c\u0103s\u0103torit cu Ioana \u015fi are doi copii, Adora \u015fi Sacha. A absolvit Academia de Studii Economice Bucure\u015fti \u015fi Facultatea de Filosofie a Universit\u0103\u0163ii Bucure\u015fti. A fost timp de 13 ani redactor la Academia Ca\u0163avencu \u0219i ulterior la Kamikaze, iar \u00een prezent este realizator [&hellip;]<\/p>\n","protected":false},"author":2,"featured_media":0,"comment_status":"open","ping_status":"open","sticky":false,"template":"","format":"standard","meta":{"jetpack_post_was_ever_published":false,"_jetpack_newsletter_access":"","_jetpack_dont_email_post_to_subs":false,"_jetpack_newsletter_tier_id":0,"_jetpack_memberships_contains_paywalled_content":false,"_jetpack_memberships_contains_paid_content":false,"footnotes":""},"categories":[817,125],"tags":[361,321,1157,1129,883,899],"class_list":["post-8590","post","type-post","status-publish","format-standard","hentry","category-egophobia-34","category-invitat","tag-alice","tag-andrei-voica","tag-egophobia-34","tag-invitat","tag-iulian-tanase","tag-prezentare"],"jetpack_featured_media_url":"","jetpack_sharing_enabled":true,"jetpack_shortlink":"https:\/\/wp.me\/p6DakB-2ey","_links":{"self":[{"href":"https:\/\/egophobia.ro\/index.php?rest_route=\/wp\/v2\/posts\/8590","targetHints":{"allow":["GET"]}}],"collection":[{"href":"https:\/\/egophobia.ro\/index.php?rest_route=\/wp\/v2\/posts"}],"about":[{"href":"https:\/\/egophobia.ro\/index.php?rest_route=\/wp\/v2\/types\/post"}],"author":[{"embeddable":true,"href":"https:\/\/egophobia.ro\/index.php?rest_route=\/wp\/v2\/users\/2"}],"replies":[{"embeddable":true,"href":"https:\/\/egophobia.ro\/index.php?rest_route=%2Fwp%2Fv2%2Fcomments&post=8590"}],"version-history":[{"count":21,"href":"https:\/\/egophobia.ro\/index.php?rest_route=\/wp\/v2\/posts\/8590\/revisions"}],"predecessor-version":[{"id":8696,"href":"https:\/\/egophobia.ro\/index.php?rest_route=\/wp\/v2\/posts\/8590\/revisions\/8696"}],"wp:attachment":[{"href":"https:\/\/egophobia.ro\/index.php?rest_route=%2Fwp%2Fv2%2Fmedia&parent=8590"}],"wp:term":[{"taxonomy":"category","embeddable":true,"href":"https:\/\/egophobia.ro\/index.php?rest_route=%2Fwp%2Fv2%2Fcategories&post=8590"},{"taxonomy":"post_tag","embeddable":true,"href":"https:\/\/egophobia.ro\/index.php?rest_route=%2Fwp%2Fv2%2Ftags&post=8590"}],"curies":[{"name":"wp","href":"https:\/\/api.w.org\/{rel}","templated":true}]}}