{"id":9132,"date":"2012-08-01T18:58:31","date_gmt":"2012-08-01T16:58:31","guid":{"rendered":"http:\/\/egophobia.ro\/?p=9132"},"modified":"2012-09-07T10:26:31","modified_gmt":"2012-09-07T08:26:31","slug":"radu-vancu-invitatul-nostru-din-egophobia-35","status":"publish","type":"post","link":"https:\/\/egophobia.ro\/?p=9132","title":{"rendered":"Radu Vancu \u2013 invitatul nostru din EgoPHobia #35"},"content":{"rendered":"<p align=justify>Radu Vancu s-a n\u0103scut \u00een 1978, e so\u021bul Cameliei \u0219i tat\u0103l lui Sebastian \u0219i \u00een prezent e lector doctor \u00een cadrul Facult\u0103\u021bii de Litere \u015fi Arte a Universit\u0103\u021bii \u201eLucian Blaga\u201c din Sibiu unde pred\u0103 poezie interbelic\u0103 \u015fi contemporan\u0103 \u0219i redactor la revistele Transilvania \u015fi Poesis Interna\u0163ional. A debutat ca scriitor \u00een 2000, c\u00e2nd i-au ap\u0103rut poezii aproape simultan \u00een revistele Transilvania \u015fi Timpul. Selec\u0163ii din poemele lui au fost traduse \u00een c\u00e2teva limbi str\u0103ine \u015fi publicate \u00een reviste \u015fi antologii interna\u0163ionale. A publicat p\u00e2n\u0103 acum urm\u0103toarele c\u0103r\u021bi: <em>Epistole pentru Camelia<\/em> [editura Imago, Sibiu, 2002], <em>Biographia litteraria<\/em> [editura Vinea, Bucure\u015fti, 2006], <em>Mircea Iv\u0103nescu. Poezia discre\u0163iei absolute<\/em> [editura Vinea, Bucure\u015fti, 2007, varianta dezvoltat\u0103 a tezei sale de doctorat], <em>Monstrul fericit<\/em> [editura Cartier, Chi\u0219in\u0103u, 2009], <em>Sebastian \u00een vis<\/em> [editura Tracus Arte, Bucure\u015fti, 2010], <em>Amintiri pentru tat\u0103l meu<\/em>  [editura Vinea, Bucure\u015fti, 2010], <em>Eminescu. Trei eseuri<\/em> [editura InfoArt Media, Sibiu &#038; editura Argonaut, Cluj-Napoca, 2011] \u0219i <em>Fr\u00e2nghia \u00eenflorit\u0103<\/em> [Casa de Editur\u0103 Max Blecher, Bucure\u015fti, 2012]. A realizat, \u00eempreun\u0103 cu Claudiu Komartin, antologiile <em>Cele mai frumoase poeme din 2010<\/em> [editura Tracus Arte, Bucure\u015fti, 2011] \u015fi <em>Cele mai frumoase poeme din 2011<\/em> [editura Tracus Arte, Bucure\u015fti, 2012]. A \u00eengrijit \u015fi comentat o edi\u0163ie din Alexandru Macedonski. A tradus \u00een rom\u00e2n\u0103 poezie \u015fi c\u00e2teva romane. Blogul s\u0103u poate fi citit la <a href=\"http:\/\/raduvancu.unspe.com\" target=\"_blank\">raduvancu.unspe.com<\/a>.<\/p>\n","protected":false},"excerpt":{"rendered":"<p>Radu Vancu s-a n\u0103scut \u00een 1978, e so\u021bul Cameliei \u0219i tat\u0103l lui Sebastian \u0219i \u00een prezent e lector doctor \u00een cadrul Facult\u0103\u021bii de Litere \u015fi Arte a Universit\u0103\u021bii \u201eLucian Blaga\u201c din Sibiu unde pred\u0103 poezie interbelic\u0103 \u015fi contemporan\u0103 \u0219i redactor la revistele Transilvania \u015fi Poesis Interna\u0163ional. A debutat ca scriitor \u00een 2000, c\u00e2nd i-au ap\u0103rut [&hellip;]<\/p>\n","protected":false},"author":2,"featured_media":0,"comment_status":"open","ping_status":"open","sticky":false,"template":"","format":"standard","meta":{"jetpack_post_was_ever_published":false,"_jetpack_newsletter_access":"","_jetpack_dont_email_post_to_subs":false,"_jetpack_newsletter_tier_id":0,"_jetpack_memberships_contains_paywalled_content":false,"_jetpack_memberships_contains_paid_content":false,"footnotes":""},"categories":[925,125],"tags":[1160,1129,899,941],"class_list":["post-9132","post","type-post","status-publish","format-standard","hentry","category-egophobia-35","category-invitat","tag-egophobia-35","tag-invitat","tag-prezentare","tag-radu-vancu"],"jetpack_featured_media_url":"","jetpack_sharing_enabled":true,"jetpack_shortlink":"https:\/\/wp.me\/p6DakB-2ni","_links":{"self":[{"href":"https:\/\/egophobia.ro\/index.php?rest_route=\/wp\/v2\/posts\/9132","targetHints":{"allow":["GET"]}}],"collection":[{"href":"https:\/\/egophobia.ro\/index.php?rest_route=\/wp\/v2\/posts"}],"about":[{"href":"https:\/\/egophobia.ro\/index.php?rest_route=\/wp\/v2\/types\/post"}],"author":[{"embeddable":true,"href":"https:\/\/egophobia.ro\/index.php?rest_route=\/wp\/v2\/users\/2"}],"replies":[{"embeddable":true,"href":"https:\/\/egophobia.ro\/index.php?rest_route=%2Fwp%2Fv2%2Fcomments&post=9132"}],"version-history":[{"count":8,"href":"https:\/\/egophobia.ro\/index.php?rest_route=\/wp\/v2\/posts\/9132\/revisions"}],"predecessor-version":[{"id":9142,"href":"https:\/\/egophobia.ro\/index.php?rest_route=\/wp\/v2\/posts\/9132\/revisions\/9142"}],"wp:attachment":[{"href":"https:\/\/egophobia.ro\/index.php?rest_route=%2Fwp%2Fv2%2Fmedia&parent=9132"}],"wp:term":[{"taxonomy":"category","embeddable":true,"href":"https:\/\/egophobia.ro\/index.php?rest_route=%2Fwp%2Fv2%2Fcategories&post=9132"},{"taxonomy":"post_tag","embeddable":true,"href":"https:\/\/egophobia.ro\/index.php?rest_route=%2Fwp%2Fv2%2Ftags&post=9132"}],"curies":[{"name":"wp","href":"https:\/\/api.w.org\/{rel}","templated":true}]}}