{"id":9884,"date":"2013-08-01T21:48:41","date_gmt":"2013-08-01T19:48:41","guid":{"rendered":"http:\/\/egophobia.ro\/?p=9884"},"modified":"2013-08-08T19:40:07","modified_gmt":"2013-08-08T17:40:07","slug":"anul-asta-m-am-implicat-mai-putin-in-cartofi-am-fost-ocupat-cu-facultatea-si-jobul","status":"publish","type":"post","link":"https:\/\/egophobia.ro\/?p=9884","title":{"rendered":"&#8220;anul \u0103sta m-am implicat mai pu\u0163in \u00een cartofi, am fost ocupat cu facultatea \u015fi jobul&#8221;"},"content":{"rendered":"<p><strong>[interviu cu Ion Buzu, invitatul din EgoPHobia #38]<\/strong><br \/>\n&nbsp;<\/p>\n<p align=right>de Sorin-Mihai Grad<\/p>\n<p>&nbsp;<\/p>\n<p align=justify>\n<i>Te-ai g\u00e2ndit s\u0103 te mu<\/i><i>\u021b<\/i><i>i \u00een Rom\u00e2nia sau \u00een alt\u0103 <\/i><i>\u021b<\/i><i>ar\u0103? Dac\u0103 da, ce te-a oprit p\u00e2n\u0103 acum <\/i><i>\u0219<\/i><i>i cam pe c\u00e2nd estimezi c\u0103 vei p\u0103r\u0103si Moldova?<\/i><\/p>\n<p>Nu m-am g\u00eendit dac\u0103 a\u015f vrea sau nu s\u0103 m\u0103 mut cu totul din Moldova, dar am vrut mult s\u0103 \u00eenv\u0103\u0163 anul acesta la Bucure\u015fti sau la Cluj, cunosc oameni mi\u015fto din aceste ora\u015fe cu care a\u015f vrea s\u0103 prietenesc. Pe de alt\u0103 parte, mediul cultural \u00een Moldova e cam s\u0103rac \u00een compara\u0163ie cu Bucure\u015fti. Mi-am dorit s\u0103-mi fac masterul \u00een filosofie la Bucure\u015fti, dar regulamentul nu-mi permite.<!--more--><\/p>\n<p align=center>\n<img data-recalc-dims=\"1\" decoding=\"async\" src=\"https:\/\/i0.wp.com\/i158.photobucket.com\/albums\/t103\/egophobia\/38\/buzu\/ion-buzu_08_zps7db81aa1.jpg?w=600\" >\n<\/p>\n<p align=justify>\n&nbsp;<\/p>\n<p>Pe de alt\u0103 parte, RM-ul are o atrac\u0163ie stranie, cu toate obscenit\u0103\u0163ile \u015fi sec\u0103turile ei, un loc foarte kafkian, vorba lui Iulian Ciocan, un spa\u0163iu din care po\u0163i scoate mult plumb pe care s\u0103-l transformi \u00een aur, material brut, ne\u015flefuit pentru scriitur\u0103, doar c\u0103 trucul alchimic mai tot timpul \u00eemi scap\u0103.<\/p>\n<p>&nbsp;<\/p>\n<p><i>C\u00e2nd ai practicat ultima dat\u0103 terorismul poetic? Te mai entuziasmeaz\u0103?<\/i><\/p>\n<p>A, cred c\u0103 a trecut ceva vreme, ultimele ac\u0163iuni, \u015fi alea \u00eentr-o zon\u0103 sigur\u0103 (ni\u015fte graffiti-uri pe un panou din Chi\u015fin\u0103u) le-am f\u0103cut prin 2011. Acum colectez dividentele de pe seama terorismului poetic, m\u0103 bag \u00een lumea corporativ\u0103; un scaun, o mas\u0103 \u015fi un iMac doar al meu, plus weekly report \u00een fiecare s\u0103pt\u0103m\u00een\u0103. E cumva cursul invers a lui Fight Club, din Tyler Durden m\u0103 transform \u00een naratorul \u00een faza sa ini\u0163ial\u0103: un angajat \u00een oficiu deprimat care nu poate dormi. \u00cemi construiesc micul meu cuib p\u00een\u0103 \u00een momentul \u00een care &#8230; mai departe cuno\u015fti istoria.<\/p>\n<p>Acum serios, \u00eemi pl\u0103cea mult perioada din terorismul poetic, aveam ceva nervi pe atunci; \u00eens\u0103 r\u0103m\u00eeneam cu senza\u0163ia c\u0103-s cumva departe de oameni, aveam nevoie de o percep\u0163ie din interiorul sistemului. Tyler poate descinde doar din narator, altfel e un simulacru. Visez s\u0103\u00a0 s\u0103 reiau TP-ul, s\u0103-l duc la un alt nivel unde nu eu s\u0103 fiu unicul membru.<\/p>\n<p>&nbsp;<\/p>\n<p align=center>\n<img data-recalc-dims=\"1\" decoding=\"async\" src=\"https:\/\/i0.wp.com\/i158.photobucket.com\/albums\/t103\/egophobia\/38\/buzu\/buzu_4_zps66fbc057.jpg?w=600\" >\n<\/p>\n<p align=justify>\n&nbsp;<\/p>\n<p><i>Ai avut <\/i><i>\u0219<\/i><i>i alte titluri de lucru pentru volumul de debut? Cum de te-ai decis pentru cel final? Dintre c\u00e2te poezii le-ai ales pe cele din aceast\u0103 carte? Pe ce criterii s-a bazat selec<\/i><i>\u021b<\/i><i>ia?<\/i><\/p>\n<p>Variante alternative pentru titlu au fost: \u201eJaluzele mereu trase\u201d, \u201eNici un cadavru scos din portbagaj\u201d, \u201eSubtitr\u0103ri \u00een \u00eentuneric\u201d, \u201eO treab\u0103 murdar\u0103\u201d, \u201eCopilul obedient\u201d. 3 ml de Kondifor a fost op\u0163iunea mea ini\u0163ial\u0103, poate \u015fi un moft. Celelalte variante mi se p\u0103reau cam declarative \u015fi generice; de\u015fi ele sun\u0103 mai bine, Konfidor \u00eemi pare mai autentic \u015fi mai aproape de con\u0163inut. Dar cred c\u0103 p\u00een\u0103 la urm\u0103 din instinct l-am ales.<\/p>\n<p>Am inclus \u00een volum vreo 30-40% din textele scrise, criteriile de selec\u0163ie fiind calitatea poetic\u0103 \u015fi apartenen\u0163a la un stil comun. Am vrut s-o dau pe narativ \u00een volumul dat, e un tip de poezie care func\u0163ioneaz\u0103 pentru mine, textele scrise \u00een cheia asta mi-au pl\u0103cut dintotdeauna.<br \/>\n&nbsp;<\/p>\n<p><i>Ce ai r\u0103spunde cuiva care te-ar \u00eentreba despre miza c\u0103r<\/i><i>\u021b<\/i><i>ii tale de debut? (Ai \u00eencerca s\u0103 pari serios sau chiar ai fi?)<\/i><\/p>\n<p>Nu sunt un mare \u00eencrez\u0103tor \u00een debut, mul\u0163i \u00eemi spuneau c\u0103 prima carte trebuie s\u0103 fie cea mai important\u0103, s\u0103 am grij\u0103 de con\u0163inutul ei, la ce editur\u0103 apare, s\u0103 aib\u0103 parte de promovare etc. Na, pentru mine a fost un pretext pentru a-mi lucra textele \u015fi a le aduce la o form\u0103 care s\u0103-mi plac\u0103 c\u00eet de c\u00eet \u015fi s\u0103 le consider publicabile. Pe de alt\u0103 parte, nu am vrut s\u0103 fiu prea strict cu ele, c\u00eeteva buc\u0103\u0163i de prisos am l\u0103sat, chiar de bun\u0103 voie, \u00eencerc\u00eend s\u0103 mimez un stil, sau vorba lui Carver \u201es\u0103 lucrez cu gre\u015felile mele p\u00een\u0103 acestea par inten\u0163ionate\u201d. Am vrut ca \u201e3ml de Konfidor\u201d s\u0103 aib\u0103 un aer a\u015fa, mai brut, viu, ludic, iritant\/incitant, mereu \u00een ac\u0163iune.<br \/>\n&nbsp;<\/p>\n<p>&nbsp;<\/p>\n<p align=center>\n<img data-recalc-dims=\"1\" decoding=\"async\" src=\"https:\/\/i0.wp.com\/i158.photobucket.com\/albums\/t103\/egophobia\/38\/buzu\/buzu_zps91c0e592.jpg?w=600\" >\n<\/p>\n<p align=justify>\n&nbsp;<br \/>\n<i>Te intereseaz\u0103 cronicile din reviste ale c\u0103r<\/i><i>\u021b<\/i><i>ii tale? Dar recenziile <\/i><i>\u0219<\/i><i>i comentariile de pe bloguri <\/i><i>\u0219<\/i><i>i forumuri?<\/i><\/p>\n<p>M\u0103 interesau la \u00eenceput, poate \u015fi acum un pic, dar nu le mai a\u015ftept. Eram curios s\u0103 v\u0103d cum e perceput\u0103 cartea mea, dac\u0103 aceasta reu\u015fe\u015fte s\u0103 produc\u0103 o percep\u0163ie care s\u0103 dureze, poate \u015fi ceva <i>insight-uri<\/i> despre ce merge \u015fi ce nu merge \u00een poezia mea. Mi-a pl\u0103cut mult cronica lui \u015etefan Baghiu din revista \u201eCultura\u201d, acolo am prins a\u015fa <i>insight-uri.<\/i><\/p>\n<p>&nbsp;<\/p>\n<p><i>Ce a<\/i><i>\u0219<\/i><i>tept\u0103ri ai de la acest volum? Crezi c\u0103 va intra \u00een calculele pentru premiile de debut importante? Conteaz\u0103 premiile pentru tine?<\/i><\/p>\n<p>Na, m\u0103 g\u00eendeam s\u0103 nasc\u0103 ceva scandal sau iritare \u00een r\u00eendul criticilor sau a juriilor; sau s\u0103 m\u0103 aleg cu o cronic\u0103 negativ\u0103 de tot, poate chiar pe canonul.net, de ce nu? Dar a\u015f cere prea mult.<\/p>\n<p align=center>\n<img data-recalc-dims=\"1\" decoding=\"async\" src=\"https:\/\/i0.wp.com\/i158.photobucket.com\/albums\/t103\/egophobia\/38\/buzu\/buzu_3_zps73897cc7.jpg?w=600\" >\n<\/p>\n<p align=justify>\n&nbsp;<\/p>\n<p>Sunt curios dac\u0103 a\u015f fi nominalizat pentru Iustin Pan\u0163a sau Eminescu, s\u0103 v\u0103d cu cine a\u015f concura. De\u015fi am dubii c\u0103 juriul ar \u00eenghi\u0163i scatologia din cele c\u00eeteva texte \u00een care e prezent\u0103, care nu mi se par a\u015fa sc\u00eerboase, din contra, le consider cele mai dr\u0103gu\u0163e.<\/p>\n<p>Premiile conteaz\u0103 pentru mine doar \u00een valoarea lor financiar\u0103, sentimentul c\u0103 uite, totu\u015fi c\u00ee\u015ftig ceva din literatur\u0103, c\u0103 pot s\u0103-mi fac de cap \u015fi s\u0103 mai iau \u015fi ceva b\u0103nu\u0163i din asta.<\/p>\n<p>&nbsp;<\/p>\n<p><i>Cum <\/i><i>\u021b<\/i><i>i-au ie<\/i><i>\u0219<\/i><i>it cartofii anul \u0103sta?<\/i><\/p>\n<p>Au ie\u015fit mari, c\u0103 le-am udat la timp \u015fi au mai fost \u015fi ploi bine mersi. Dar nu prea avem unde-i vinde. Cam nasol c\u0103 anul \u0103sta m-am implicat mai pu\u0163in \u00een cartofi, am fost ocupat cu facultatea \u015fi jobul.<\/p>\n<p><i>\u00ce\u021bi place poezia lui T.S. Khasis? Te sim<\/i><i>\u021b<\/i><i>i apropiat \u00een vreun fel de ea sau de el?<\/i><\/p>\n<p>Da, \u00eemi place mult Khasis, m\u0103 simt m\u00eendru c\u0103 am ap\u0103rut la aceea\u015fi editura la care \u015fi el a publicat <i>Pe datorie.<\/i> Inserturile biografice, textele lungi, pe alocuri narative, pe alocuri relaxate, a \u015fi da, fundalul rural deloc for\u0163at \u2013 ar fi ni\u015fte locuri \u00een care poezia noastr\u0103 \u00ee\u015fi dau m\u00eena. \u00cemi place mult \u015fi v. leac, care tot vine din zona asta, fiind \u00een acela\u015fi timp foarte bun prieten cu Khasis; l-am citit mai \u00eent\u00eei pe leac \u015fi atitudinea asta degajat\u0103 \u00een poezie am copiat-o de la el.<\/p>\n<p>&nbsp;<\/p>\n<p align=center>\n<img data-recalc-dims=\"1\" decoding=\"async\" src=\"https:\/\/i0.wp.com\/i158.photobucket.com\/albums\/t103\/egophobia\/38\/buzu\/buzu_2_zps2652cb22.jpg?w=600\" >\n<\/p>\n<p align=justify>\n&nbsp;<\/p>\n<p><i>Te intereseaz\u0103 continuarea <em>Fight Club<\/em>&#8216;ului despre care Chuck Palahniuk a vorbit recent?<\/i><\/p>\n<p>B\u0103i, da, sunt \u00een a\u015fteptarea acesti continu\u0103ri, dar m\u0103 tem. <i>Fight Club <\/i>a devenit pentru mine un mit personal, \u00een cele c\u00eeteva s\u0103pt\u0103m\u00eeni \u00een care \u00eel tot reciteam, st\u00eend \u00een cas\u0103 fiindc\u0103 afar\u0103 era prea cald pentru a munci \u00een c\u00eemp, intrasem \u00eentr-un fel de psihoz\u0103 imaginar\u0103, <i>planet Tyler<\/i>, eu \u015fi restul lumii aveam sens doar conform logicii lui Mr. Durden, nu-mi amintesc alte chestii mai profunde pe care s\u0103 le fi tr\u0103it a\u015fa ca <i>planet Tyler<\/i>. M\u0103 tem c\u0103 aceast\u0103 continuare mi-ar distruge amintirea acestei psihoze<i>.<\/i><\/p>\n<p>&nbsp;<\/p>\n<p><i>Ce \u00eenseamn\u0103 pentru tine Fight Club? Ai practicat vreodat\u0103 a<\/i><i>\u0219<\/i><i>a ceva?<\/i><\/p>\n<p>Fight Club este o poveste, pe care o tr\u0103im aproape to\u0163i, \u00eens\u0103 doar p\u00een\u0103 la primele capitole, ne consum\u0103 \u015fi ne consum\u0103 f\u0103r\u0103 s\u0103 \u00een\u0163elegem. De obicei, c\u00eend cineva m\u0103 \u00eentreab\u0103 despre ce-i Fight Club, eu \u00eei zic c\u0103 e despre un lucr\u0103tor corporativ care a ajuns s\u0103-\u015fi urasc\u0103 via\u0163a. \u015ei apoi \u00eel \u00eent\u00eelne\u015fte pe Tyler.<\/p>\n<p>Am avut mici \u00eent\u00eempl\u0103ri similare ca-n romanul lui Palahniuk, atunci chiar am luat povestea pe bune \u015fi a ie\u015fit ceva puternic din asta. Acum, Fight Club a devenit o metafor\u0103 sau un simbol, cu alte cuvinte ceva prin care colectez dividentele. \u00cemi e dor de <i>the real thing<\/i>, momentele c\u00eend iau povestea pe bune.<\/p>\n<p>&nbsp;<\/p>\n<p align=center>\n<img data-recalc-dims=\"1\" decoding=\"async\" src=\"https:\/\/i0.wp.com\/i158.photobucket.com\/albums\/t103\/egophobia\/38\/buzu\/google_transl054_zpsf846b6a9.jpg?w=600\" >\n<\/p>\n<p align=justify>\n&nbsp;<\/p>\n<p><i>Ai fost vreodat\u0103 cenzurat? Cum ai reac<\/i><i>\u021b<\/i><i>ionat?<\/i><\/p>\n<p>Nu am avut istorii speciale legate de cenzur\u0103. Dac\u0103 e s\u0103-mi scormonesc memoria, la <i>Timpul<\/i> din RM mi-au respins 2 texte. Primul text era un articol de opinie \u00een care f\u0103ceam o compara\u0163ie Zizekian\u0103 dintre veceul de la sat \u015fi cel de la ora\u015f, \u015fi respectiv, cele 2 tipuri de societ\u0103\u0163i \/ ideologii caracteristice lor. Textul \u00eencepea cu \u201efecale\u201d. Am pus \u201efecalele\u201d mai spre sf\u00eer\u015fit \u015fi acesta a fost acceptat. Al doilea text respins era o povestire cyberpunk \u00een care fostul premier Vlad Filat suport\u0103 o opera\u0163ie plastic\u0103, fa\u0163a fiindu-i \u00eenlocuit\u0103 cu cea a fostului pre\u015fedinte, Vladimir Voronin. Nu prea am avut ce modifica aici \u015fi textul n-a mai fost acceptat.<\/p>\n<p>&nbsp;<\/p>\n<p><i>Pl\u0103nuie<\/i><i>\u0219<\/i><i>ti vreo carte de proz\u0103 sau vrei s\u0103 r\u0103m\u00e2i deocamdat\u0103 credincios poeziei?<\/i><\/p>\n<p>Da, m\u0103 g\u00eendesc poate mai \u00eencolo s\u0103 m\u0103 apuc ceva mai serios de proz\u0103, povestiri \u00een special. Cred c\u0103 exerci\u0163iile \u00een proz\u0103 m-au ajutat foarte mult \u00een poezie \u015fi vreau mult s\u0103 le continui, chiar dac\u0103 cu scopul de a ob\u0163ine benzin\u0103 pentru poezie.<br \/>\n&nbsp;<\/p>\n<p><i>Ai vreun scriitor preferat? Ai descoperit recent vreun scriitor care scrie foarte pe gustul t\u0103u?<\/i><\/p>\n<p>Cred c\u0103 prefera\u0163ii mei sunt Charles Bukowski \u015fi Chuck Palahniuk, sunt ni\u015fte autori datorit\u0103 c\u0103rora m-am b\u0103gat \u00een toat\u0103 afacerea asta cu literatura. Recent am descoperit un autor\u00a0 tare de tot de proz\u0103 scurt\u0103, Philip O Ceallaigh, e un irlandez care s-a mutat \u00een Rom\u00e2nia prin anii 2000. Scrie despre oameni bloca\u0163i \u00een scenariile lor f\u0103r\u0103 sens \u015fi f\u0103r\u0103 ie\u015fire; o face simplu, f\u0103r\u0103 s\u0103 piard\u0103 timpul cititorului. Ultima sa carte \u201e\u015ei te treze\u015fti r\u00eez\u00eend\u201d, e despre un scriitor care timp de 2 ani nu a scris nimic pentru el, prins \u00eentr-un job cu norm\u0103 \u00eentreag\u0103 \u015fi o rela\u0163ie ca \u00een telenovele, tipul se simte ca o ra\u0163\u0103 crescut\u0103 \u00een interiorul unei sticle, cu care un student zen \u00ee\u015fi toce\u015fte mintea ca s\u0103 descopere o modalitate prin care s\u0103 scoat\u0103 ra\u0163a din sticl\u0103.<\/p>\n<p>&nbsp;<\/p>\n<p align=center>\n<img data-recalc-dims=\"1\" decoding=\"async\" src=\"https:\/\/i0.wp.com\/i158.photobucket.com\/albums\/t103\/egophobia\/38\/buzu\/DSC00557_zpsf42bfc99.jpg?w=600\" >\n<\/p>\n<p align=justify>\n&nbsp;<\/p>\n<p><i>Care este rela<\/i><i>\u021b<\/i><i>ia ta cu divinit\u0103<\/i><i>\u021b<\/i><i>ile? Dar cu religiile?<\/i><\/p>\n<p>P\u0103i, nu \u015ftiu, cred c\u0103 la aceast\u0103 faz\u0103 am \u00eemp\u0103rt\u0103\u015fit dintotdeauna un cre\u015ftinism similar cu al lui Kierkegaard. De\u015fi \u00een ultima vreme sunt interesat de aspectul poetic \u015fi absurd al fenomenului, cu toate istoriile stranii care pot rezulta din asta.<\/p>\n<p>&nbsp;<\/p>\n<p><i>C\u00e2nd scrii? Ai ritualuri sau po<\/i><i>\u021b<\/i><i>i scrie oric\u00e2nd te love<\/i><i>\u0219<\/i><i>te? Po<\/i><i>\u021b<\/i><i>i scrie \u00een public sau ai nevoie de singur\u0103tate? Pe muzic\u0103 sau doar \u00een lini<\/i><i>\u0219<\/i><i>te?<\/i><\/p>\n<p>Am nevoie de singur\u0103tate, s\u0103 nu fie nimeni prin preajm\u0103, cel pu\u0163in s\u0103 nu m\u0103 observe nimeni, eu s\u0103 nu fiu con\u015ftient s\u0103 sunt sub observa\u0163ie. \u201eIadul sunt ceilal\u0163i oameni\u201d \u2013 Sartre avea dreptate. \u015ei \u00eemi place s\u0103 scriu noaptea, pe muzic\u0103; dar \u015fi-n lini\u015fte e ok. Totu\u015fi, consider c\u0103 ritualurile astea le practic mai mult din lene. De exemplu, Dumitru Crudu sugera c\u0103 cele mai bune texte le-a scris diminea\u0163a, \u00eenainte de a-\u015fi \u00eencepe ziua \u015fi a intra \u00een ma\u015fin\u0103rie. Sau Palahniuk, el spunea c\u0103 cele mai bune materiale brute pentru pove\u015ftile sale \u015fi le-a scris \u00een timpul petrecerilor, unde participan\u0163ii povesteau \u015fi povesteau, sau \u00een timpul seminariilor \/ prelegerilor plictisitoare, unde era for\u0163at de situa\u0163ie s\u0103 creeze o poveste care s\u0103-l scoat\u0103 din plictiseal\u0103. Plus la asta, scrisul printre oameni \u00ee\u0163i ofer\u0103 posibilitatea de a descrie pe viu fe\u0163e, situa\u0163ii, replici&#8230;<br \/>\n<i>\u00a0<\/i><\/p>\n<p align=center>\n<img data-recalc-dims=\"1\" decoding=\"async\" src=\"https:\/\/i0.wp.com\/i158.photobucket.com\/albums\/t103\/egophobia\/38\/buzu\/ion-buzu_10_zpsddb1ef17.jpg?w=600\" >\n<\/p>\n<p align=justify>\n&nbsp;<\/p>\n<p><i>Rescrii sau prima variant\u0103 r\u0103m\u00e2ne de obicei cea final\u0103?<\/i><\/p>\n<p>Rescriu, foarte rar prima variant\u0103 e cea care rezist\u0103. Dar \u00eemi place s\u0103 rescriu. Bine, cu un text care nu se mai poate face nimic ur\u0103sc s\u0103-l tot \u00eentorc de pe o parte pe alta, am\u00a0 impresia c\u0103 tr\u0103iesc o senza\u0163ie ca-ntr-un text de Alex Cosmescu, \u201emesteci un croissant de zeci de ori p\u00een\u0103 acesta \u00ee\u015fi pierde gustul\u201d.<br \/>\n&nbsp;<\/p>\n<p><i>Ai publicat p\u00e2n\u0103 acum ceva sub pseudonim? De ce?<\/i><\/p>\n<p>Nu am publicat pentru c\u0103 nu mi-am g\u0103sit un pseudonim care s\u0103 \u0163in\u0103.<br \/>\n&nbsp;<\/p>\n<p><i>\u00ce<\/i><i>\u021b<\/i><i>i place teatrul?<\/i><\/p>\n<p>Nu prea m-am ancorat \u00een lumea teatrului, dar e ceva care m-a sedus mereu. \u00cemi imaginam c\u0103 actorii sunt arti\u015ftii care <i>se rup<\/i> cel mai tare. Cumva, ei reconstituie \u015fi tr\u0103iesc piesa sau romanul dat, devin pentru un anumit timp parte a lumii operei jucate. Faza cu m\u0103\u015ftile \u015fi identit\u0103\u0163ile multiple; apoi puterea regizorului de a crea \u015fi controla situa\u0163iile teatrale, aproape demiurgic \u2013 sun\u0103 mi\u015fto. Dar cred c\u0103 la moment stau pe poezie \u015fi proz\u0103.<br \/>\n&nbsp;<\/p>\n<p><i>Ce \u00eenseamn\u0103 s\u0103 ai kr\u00ee<\/i><i>\u0219<\/i><i>a dus\u0103?<\/i><\/p>\n<p>S\u0103 fii dus cu pluta, s\u0103 ai o \u201eminte care e o sum\u0103 de calcule restr\u00eense care nu-s de-ajuns ca s\u0103-\u0163i dai seama ce dracu\u2019 se-nt\u00eempl\u0103\u201d.<br \/>\n&nbsp;<\/p>\n<p align=center>\n<img data-recalc-dims=\"1\" decoding=\"async\" src=\"https:\/\/i0.wp.com\/i158.photobucket.com\/albums\/t103\/egophobia\/38\/buzu\/DSC00527_zpsa2af9b43.jpg?w=600\" >\n<\/p>\n<p align=justify>\n&nbsp;<\/p>\n<p><i>\u021a<\/i><i>i-ai luat permisul de conducere sau ai f\u0103cut <\/i><i>\u0219<\/i><i>coala de <\/i><i>\u0219<\/i><i>oferi doar pentru a c\u0103uta coliziunea potrivit\u0103?<\/i><\/p>\n<p>A, p\u0103i p\u00een\u0103 la urm\u0103 mi-am luat permisul, c\u0103 nu era s\u0103 dau banii \u00een zadar. Dar nu prea merg acum cu ma\u015fina. Atunci, pe bune, am aplicat la \u015fcoala auto dup\u0103 lectura lui \u201eRant\u201d de Palahniuk, c\u0103 descria at\u00eet de bine senza\u0163iile atunci c\u00eend \u015fofezi \u015fi acu\u015f-acu\u015f intri \u00eentr-un accident. Odat\u0103 era s\u0103 intre un taxi \u00een mine, nu mi-a cedat la o intersec\u0163ie giratorie \u2013 iat\u0103 c\u00eet de aproape am fost de <i>hitting bottom<\/i>.<\/p>\n","protected":false},"excerpt":{"rendered":"<p>[interviu cu Ion Buzu, invitatul din EgoPHobia #38] &nbsp; de Sorin-Mihai Grad &nbsp; Te-ai g\u00e2ndit s\u0103 te mu\u021bi \u00een Rom\u00e2nia sau \u00een alt\u0103 \u021bar\u0103? Dac\u0103 da, ce te-a oprit p\u00e2n\u0103 acum \u0219i cam pe c\u00e2nd estimezi c\u0103 vei p\u0103r\u0103si Moldova? Nu m-am g\u00eendit dac\u0103 a\u015f vrea sau nu s\u0103 m\u0103 mut cu totul din Moldova, [&hellip;]<\/p>\n","protected":false},"author":2,"featured_media":0,"comment_status":"open","ping_status":"open","sticky":false,"template":"","format":"standard","meta":{"jetpack_post_was_ever_published":false,"_jetpack_newsletter_access":"","_jetpack_dont_email_post_to_subs":false,"_jetpack_newsletter_tier_id":0,"_jetpack_memberships_contains_paywalled_content":false,"_jetpack_memberships_contains_paid_content":false,"footnotes":""},"categories":[986,125],"tags":[1164,132,1129,360,116],"class_list":["post-9884","post","type-post","status-publish","format-standard","hentry","category-egophobia-38","category-invitat","tag-egophobia-38","tag-interviu","tag-invitat","tag-ion-buzu","tag-sorin-mihai-grad"],"jetpack_featured_media_url":"","jetpack_sharing_enabled":true,"jetpack_shortlink":"https:\/\/wp.me\/p6DakB-2zq","_links":{"self":[{"href":"https:\/\/egophobia.ro\/index.php?rest_route=\/wp\/v2\/posts\/9884","targetHints":{"allow":["GET"]}}],"collection":[{"href":"https:\/\/egophobia.ro\/index.php?rest_route=\/wp\/v2\/posts"}],"about":[{"href":"https:\/\/egophobia.ro\/index.php?rest_route=\/wp\/v2\/types\/post"}],"author":[{"embeddable":true,"href":"https:\/\/egophobia.ro\/index.php?rest_route=\/wp\/v2\/users\/2"}],"replies":[{"embeddable":true,"href":"https:\/\/egophobia.ro\/index.php?rest_route=%2Fwp%2Fv2%2Fcomments&post=9884"}],"version-history":[{"count":6,"href":"https:\/\/egophobia.ro\/index.php?rest_route=\/wp\/v2\/posts\/9884\/revisions"}],"predecessor-version":[{"id":9975,"href":"https:\/\/egophobia.ro\/index.php?rest_route=\/wp\/v2\/posts\/9884\/revisions\/9975"}],"wp:attachment":[{"href":"https:\/\/egophobia.ro\/index.php?rest_route=%2Fwp%2Fv2%2Fmedia&parent=9884"}],"wp:term":[{"taxonomy":"category","embeddable":true,"href":"https:\/\/egophobia.ro\/index.php?rest_route=%2Fwp%2Fv2%2Fcategories&post=9884"},{"taxonomy":"post_tag","embeddable":true,"href":"https:\/\/egophobia.ro\/index.php?rest_route=%2Fwp%2Fv2%2Ftags&post=9884"}],"curies":[{"name":"wp","href":"https:\/\/api.w.org\/{rel}","templated":true}]}}